{"id":3285,"date":"2024-02-27T19:57:05","date_gmt":"2024-02-27T19:57:05","guid":{"rendered":"https:\/\/thetirelab.com\/mag\/t\/vredestein-quatrac-new-evolution-in-growing-all-season-segment-3\/"},"modified":"2024-02-27T19:57:06","modified_gmt":"2024-02-27T19:57:06","slug":"vredestein-quatrac-ny-utveckling-i-det-vaxande-all-season-segmentet","status":"publish","type":"releasearticles","link":"https:\/\/www.pneuteka.sk\/mag\/t\/vredestein-quatrac-ny-utveckling-i-det-vaxande-all-season-segmentet\/","title":{"rendered":"VREDESTEIN QUATRAC: NY UTVECKLING I DET V\u00c4XANDE ALL-SEASON-SEGMENTET"},"content":{"rendered":"\n<p>I ett europeiskt hel\u00e5rssegment som v\u00e4xte med 23% f\u00f6rra \u00e5ret forts\u00e4tter Vredestein att utveckla sina produkter och understryka sin hel\u00e5rsexpertis. Efter att ha varit det f\u00f6rsta varum\u00e4rket som lanserade ett hel\u00e5rsd\u00e4ck f\u00f6r h\u00f6gpresterande bilar 2019 med Quatrac Pro, f\u00f6rnyar varum\u00e4rket nu sin portf\u00f6lj inom segmentet f\u00f6r mindre tumstorlekar genom att lansera nya Vredestein Quatrac.<\/p>\n\n\n\n<p>Som ett av de f\u00f6rsta f\u00f6retagen att introducera hel\u00e5rsd\u00e4ck drar Vredestein nu nytta av \u00f6ver 28 \u00e5rs erfarenhet av att tillverka hel\u00e5rsd\u00e4ck. Idag har varum\u00e4rket den st\u00f6rsta portf\u00f6ljen av hel\u00e5rsd\u00e4ck p\u00e5 den europeiska marknaden och uts\u00e5gs till &#8220;\u00c5rets tillverkare av hel\u00e5rsd\u00e4ck&#8221; av Autobild i oktober 2019. F\u00f6r att beh\u00e5lla sin ledande position och prestera p\u00e5 topp i de europeiska d\u00e4cktesterna har Vredestein vidareutvecklat sina produkter p\u00e5 marknaden f\u00f6r mindre tumstorlekar, som nuf\u00f6rtiden har blivit en handelsvara.<\/p>\n\n\n\n<h2 class=\"wp-block-heading\">PRESTANDA P\u00c5 N\u00c4STA NIV\u00c5 MED SMARTA L\u00d6SNINGAR<\/h2>\n\n\n\n<p>Med nya Quatrac (15-16 tum) erbjuder Vredestein ett v\u00e4lbalanserat d\u00e4ck f\u00f6r alla \u00e5rstider. Det ger ocks\u00e5 en l\u00e4gre milj\u00f6p\u00e5verkan genom br\u00e4nslebesparingar tack vare d\u00e4ckets l\u00e4gre vikt och l\u00e4gre rullmotst\u00e5nd. Quatrac kombinerar utm\u00e4rkta vinter- och sommaregenskaper i linje med Vredesteins etablerade know-how, tillsammans med anv\u00e4ndningen av helt nya material och n\u00e5gra smarta justeringar f\u00f6r att \u00f6ka prestandan till en ny niv\u00e5.<\/p>\n\n\n\n<p>D\u00e4ckets b\u00e5da axlar \u00e4r nu anpassade f\u00f6r sommaranv\u00e4ndning, medan d\u00e4ckets mitt \u00e4r mer vinterfokuserat, med en h\u00f6gre sipe-densitet f\u00f6r b\u00e4ttre grepp. Antalet axelblock \u00e4r anpassat till d\u00e4ckets diameter f\u00f6r att s\u00e4kerst\u00e4lla en \u00f6verl\u00e4gsen prestanda p\u00e5 vintern. D\u00e4cket har ocks\u00e5 en djup V-formad profil, som full\u00e4ndats genom finjustering av vinklar och luftf\u00f6rh\u00e5llande.<\/p>\n\n\n\n<h2 class=\"wp-block-heading\">ANNORLUNDA TILLV\u00c4GAG\u00c5NGSS\u00c4TT F\u00d6R FORSKNING OCH UTVECKLING<\/h2>\n\n\n\n<p>Vredesteins FoU-team f\u00f6r hel\u00e5rsd\u00e4ck optimerade d\u00e4cket inom olika omr\u00e5den och tog ett annorlunda grepp f\u00f6r att passa segmentet f\u00f6r l\u00e4gre tumstorlekar. Vid utvecklingen av Quatrac Pro b\u00f6rjade teamet till exempel med d\u00e4ckets sommaregenskaper och lade till vinteregenskaper, baserat p\u00e5 specifika krav f\u00f6r bilar med ultrah\u00f6g prestanda. Nu, n\u00e4r Quatrac \u00e4r ett d\u00e4ck som \u00e4r s\u00e4rskilt utformat f\u00f6r mindre tumstorlekar, var utvecklingsfokus p\u00e5 den mest effektiva designen f\u00f6r detta segment, vilket resulterade i den djupa V-formen och det minskade antalet lameller<\/p>\n\n\n\n<h2 class=\"wp-block-heading\">F\u00d6RB\u00c4TTRINGAR J\u00c4MF\u00d6RT MED F\u00d6REG\u00c5NGAREN<\/h2>\n\n\n\n<p>Nya Quatrac \u00e4r 12% b\u00e4ttre \u00e4n sin f\u00f6reg\u00e5ngare, Quatrac 5, n\u00e4r det g\u00e4ller v\u00e4gh\u00e5llning p\u00e5 torrt underlag tack vare den st\u00f6rre kontaktytan och styvare axelblock. Den kiselbaserade gummiblandningen och det V-formade m\u00f6nstret ger 20 % b\u00e4ttre k\u00f6regenskaper p\u00e5 v\u00e5tt underlag och 10 % b\u00e4ttre bromsprestanda p\u00e5 v\u00e5tt underlag. Och den ger 5 % b\u00e4ttre k\u00f6regenskaper p\u00e5 sn\u00f6 genom 10 % fler sn\u00f6sk\u00e4rande kanter som \u00e4r optimerade f\u00f6r alla styrvinklar.<\/p>\n\n\n\n<p>Den nya generationens slitbaneblandning \u00e4r f\u00f6rst\u00e4rkt med en stor m\u00e4ngd terpenbaserade hartser. Det minskade luftf\u00f6rh\u00e5llandet och den optimerade d\u00e4ckkaviteten leder till en mer enhetlig tryckf\u00f6rdelning, vilket s\u00e4kerst\u00e4ller ett j\u00e4mnare d\u00e4ckslitage och resulterar i en f\u00f6rb\u00e4ttring av livsl\u00e4ngden med mer \u00e4n 20%. Slutligen har nya Quatrac upp till 10 % b\u00e4ttre rullmotst\u00e5nd, vilket ger betydande br\u00e4nslebesparingar.<\/p>\n\n\n\n<p>Vredestein Quatrac har utformats speciellt f\u00f6r europeiska v\u00e4gar och \u00e4r f\u00f6rsett med sn\u00f6flingesymbolen med tre bergstoppar, vilket intygar att det \u00e4r l\u00e4mpligt f\u00f6r anv\u00e4ndning under hela vintern och i hela Europa.<\/p>\n\n\n\n<p>Den nya Quatrac kommer i 15&#8243; och 16&#8243; tum med 39 storlekar i den f\u00f6rsta fasen under september och oktober, en ytterligare ut\u00f6kning kommer sedan att f\u00f6lja i b\u00f6rjan av 2021. Leveranserna startar den 7 september.<\/p>\n","protected":false},"featured_media":1468,"template":"","meta":{"_acf_changed":false},"class_list":["post-3285","releasearticles","type-releasearticles","status-publish","has-post-thumbnail","hentry"],"acf":[],"_links":{"self":[{"href":"https:\/\/www.pneuteka.sk\/mag\/wp-json\/wp\/v2\/releasearticles\/3285","targetHints":{"allow":["GET"]}}],"collection":[{"href":"https:\/\/www.pneuteka.sk\/mag\/wp-json\/wp\/v2\/releasearticles"}],"about":[{"href":"https:\/\/www.pneuteka.sk\/mag\/wp-json\/wp\/v2\/types\/releasearticles"}],"wp:featuredmedia":[{"embeddable":true,"href":"https:\/\/www.pneuteka.sk\/mag\/wp-json\/wp\/v2\/media\/1468"}],"wp:attachment":[{"href":"https:\/\/www.pneuteka.sk\/mag\/wp-json\/wp\/v2\/media?parent=3285"}],"curies":[{"name":"wp","href":"https:\/\/api.w.org\/{rel}","templated":true}]}}